{"id":26584,"count":1,"description":"","link":"https:\/\/www.hali-saha.com\/tag\/birecik-hali-saha-branda-tamiri-onarimi\/","name":"Birecik hal\u0131 saha branda tamiri onar\u0131m\u0131","slug":"birecik-hali-saha-branda-tamiri-onarimi","taxonomy":"post_tag","meta":[],"_links":{"self":[{"href":"https:\/\/www.hali-saha.com\/jsonlar\/wp\/v2\/tags\/26584","targetHints":{"allow":["GET"]}}],"collection":[{"href":"https:\/\/www.hali-saha.com\/jsonlar\/wp\/v2\/tags"}],"about":[{"href":"https:\/\/www.hali-saha.com\/jsonlar\/wp\/v2\/taxonomies\/post_tag"}],"wp:post_type":[{"href":"https:\/\/www.hali-saha.com\/jsonlar\/wp\/v2\/posts?tags=26584"}],"curies":[{"name":"wp","href":"https:\/\/api.w.org\/{rel}","templated":true}]}}