{"id":2601,"count":1,"description":"","link":"https:\/\/www.hali-saha.com\/tag\/suni-cim-yani-sentetik-cim-zeminli-cok-amacli-saha-yapimi\/","name":"Suni \u00e7im yani sentetik \u00e7im zeminli\u00a0\u00e7ok ama\u00e7l\u0131 saha\u00a0yap\u0131m\u0131","slug":"suni-cim-yani-sentetik-cim-zeminli-cok-amacli-saha-yapimi","taxonomy":"post_tag","meta":[],"_links":{"self":[{"href":"https:\/\/www.hali-saha.com\/jsonlar\/wp\/v2\/tags\/2601","targetHints":{"allow":["GET"]}}],"collection":[{"href":"https:\/\/www.hali-saha.com\/jsonlar\/wp\/v2\/tags"}],"about":[{"href":"https:\/\/www.hali-saha.com\/jsonlar\/wp\/v2\/taxonomies\/post_tag"}],"wp:post_type":[{"href":"https:\/\/www.hali-saha.com\/jsonlar\/wp\/v2\/posts?tags=2601"}],"curies":[{"name":"wp","href":"https:\/\/api.w.org\/{rel}","templated":true}]}}