{"id":3212,"date":"2020-01-21T14:15:45","date_gmt":"2020-01-21T11:15:45","guid":{"rendered":"https:\/\/www.hali-saha.com\/?p=3212"},"modified":"2021-09-20T23:36:01","modified_gmt":"2021-09-20T20:36:01","slug":"kars-hali-saha-suni-cim","status":"publish","type":"post","link":"https:\/\/www.hali-saha.com\/kars-hali-saha-suni-cim\/","title":{"rendered":"Kars hal\u0131 saha suni \u00e7im"},"content":{"rendered":"<p>Kars suni \u00e7im, Kars hal\u0131 saha suni \u00e7im, \u00e7im firmas\u0131, Kars hal\u0131 saha hal\u0131s\u0131 ustas\u0131, Kars sentetik \u00e7im hal\u0131, Kars suni \u00e7im m2 fiyat\u0131, Kars hal\u0131 fiyat\u0131, Kars hal\u0131 saha sentetik \u00e7im, Kars da hal\u0131 saha hal\u0131s\u0131 satan firmalar, Kars hal\u0131 saha suni \u00e7im fiyatlar\u0131, Kars ye\u015fil hal\u0131 m2, Kars kapal\u0131 hal\u0131 saha hal\u0131s\u0131, Kars a\u00e7\u0131k hal\u0131 saha hal\u0131s\u0131 m2 fiyat\u0131, Kars anahtar teslimi hal\u0131 saha hal\u0131s\u0131 yapan firmalar, Kars suni \u00e7im imalat firmalar\u0131, Kars suni \u00e7im \u00fcretim fabrikas\u0131, Kars hal\u0131 saha \u00e7im fiyat\u0131, Kars hal\u0131 saha hal\u0131s\u0131 birim fiyat\u0131, Kars sentetik \u00e7im fiyatlar\u0131, Kars hal\u0131 saha sentetik \u00e7im \u00fcretim, Kars hal\u0131 saha sentetik \u00e7im fiyat\u0131, Kars suni \u00e7im imalat firmas\u0131, Kars hal\u0131 saha hal\u0131s\u0131 firmalar\u0131 nerede, Kars hal\u0131 saha sentetik \u00e7im m2 fiyat\u0131, Kars hal\u0131 saha hal\u0131s\u0131 m2 fiyat\u0131, Kars suni \u00e7im sat\u0131\u015f\u0131, Kars sentetik \u00e7im sat\u0131\u015f\u0131, Kars sentetik \u00e7im, Kars suni \u00e7im d\u00f6\u015feme firmalar\u0131,<\/p>\n<h2>Suni \u00e7im Kars,<\/h2>\n<p>Taksitle hal\u0131 saha suni \u00e7im, Kars \u00c7ek ile sentetik \u00e7im firmalar\u0131, Kars hal\u0131 saha suni \u00e7im firmalar\u0131, Kars hal\u0131 saha hal\u0131s\u0131 \u00fcretim firmalar\u0131, Kars suni \u00e7im satan firmalar, Kars suni \u00e7im yap\u0131m\u0131, Kars kapal\u0131 hal\u0131 saha suni \u00e7im yap\u0131m\u0131, Kars hal\u0131 saha hal\u0131s\u0131 maliyeti, Kars hal\u0131 saha hal\u0131s\u0131 m2, Kars ye\u015fil hal\u0131 firmalar\u0131,<\/p>\n<h3>kapal\u0131 hal\u0131 saha suni \u00e7im ,<br \/>\nA\u00e7\u0131k hal\u0131 saha suni \u00e7im ,<\/h3>\n<p>Sizlere T\u00fcrkiye&#8217;de ve t\u00fcm d\u00fcnyada suni \u00e7im ve sentetik \u00e7im yap\u0131m\u0131, Kars suni \u00e7im satan firmalar, hal\u0131 saha yap\u0131m telefon 0532 179 45 86, Karsda hal\u0131 saha suni \u00e7im satan yerler<\/p>\n<h4>sentetik \u00e7im Kars ,<br \/>\nsuni \u00e7im yap\u0131m Fabrikas\u0131<\/h4>\n","protected":false},"excerpt":{"rendered":"<p>Kars suni \u00e7im, Kars hal\u0131 saha suni \u00e7im, \u00e7im firmas\u0131, Kars hal\u0131 saha hal\u0131s\u0131 ustas\u0131, Kars sentetik \u00e7im hal\u0131, Kars [&hellip;]<\/p>\n","protected":false},"author":3,"featured_media":2742,"comment_status":"closed","ping_status":"closed","sticky":false,"template":"","format":"standard","meta":{"_uf_show_specific_survey":0,"_uf_disable_surveys":false,"footnotes":""},"categories":[34213,29103],"tags":[34252,34258,34254,34251,35423,35424,35441,35419,35417,35427,35428,35433,35446,35435,35445,35443,35414,35418,35431,35434,35430,35413,35442,35420,35422,35444,35438,35429,35415,35437,7563,35439,35425,35432,35416,13390,35436,35426,7560,35447,35421,35448,34253,35440,34256,34243],"class_list":["post-3212","post","type-post","status-publish","format-standard","has-post-thumbnail","hentry","category-hali-saha-halisi","category-suni-cim","tag-acik-hali-saha-suni-cim","tag-cim-firmasi","tag-hali-saha-yapim-telefon-0532-179-45-86","tag-kapali-hali-saha-suni-cim","tag-kars-acik-hali-saha-halisi-m2-fiyati","tag-kars-anahtar-teslimi-hali-saha-halisi-yapan-firmalar","tag-kars-cek-ile-sentetik-cim-firmalari","tag-kars-da-hali-saha-halisi-satan-firmalar","tag-kars-hali-fiyati","tag-kars-hali-saha-cim-fiyati","tag-kars-hali-saha-halisi-birim-fiyati","tag-kars-hali-saha-halisi-firmalari-nerede","tag-kars-hali-saha-halisi-m2","tag-kars-hali-saha-halisi-m2-fiyati","tag-kars-hali-saha-halisi-maliyeti","tag-kars-hali-saha-halisi-uretim-firmalari","tag-kars-hali-saha-halisi-ustasi","tag-kars-hali-saha-sentetik-cim","tag-kars-hali-saha-sentetik-cim-fiyati","tag-kars-hali-saha-sentetik-cim-m2-fiyati","tag-kars-hali-saha-sentetik-cim-uretim","tag-kars-hali-saha-suni-cim","tag-kars-hali-saha-suni-cim-firmalari","tag-kars-hali-saha-suni-cim-fiyatlari","tag-kars-kapali-hali-saha-halisi","tag-kars-kapali-hali-saha-suni-cim-yapimi","tag-kars-sentetik-cim","tag-kars-sentetik-cim-fiyatlari","tag-kars-sentetik-cim-hali","tag-kars-sentetik-cim-satisi","tag-kars-suni-cim","tag-kars-suni-cim-doseme-firmalari","tag-kars-suni-cim-imalat-firmalari","tag-kars-suni-cim-imalat-firmasi","tag-kars-suni-cim-m2-fiyati","tag-kars-suni-cim-satan-firmalar","tag-kars-suni-cim-satisi","tag-kars-suni-cim-uretim-fabrikasi","tag-kars-suni-cim-yapimi","tag-kars-yesil-hali-firmalari","tag-kars-yesil-hali-m2","tag-karsda-hali-saha-suni-cim-satan-yerler-sentetik-cim-kars","tag-sizlere-turkiyede-ve-tum-dunyada-suni-cim-ve-sentetik-cim-yapimi","tag-suni-cim-kars","tag-suni-cim-yapim-fabrikasi","tag-taksitle-hali-saha-suni-cim"],"aioseo_notices":[],"_links":{"self":[{"href":"https:\/\/www.hali-saha.com\/jsonlar\/wp\/v2\/posts\/3212","targetHints":{"allow":["GET"]}}],"collection":[{"href":"https:\/\/www.hali-saha.com\/jsonlar\/wp\/v2\/posts"}],"about":[{"href":"https:\/\/www.hali-saha.com\/jsonlar\/wp\/v2\/types\/post"}],"author":[{"embeddable":true,"href":"https:\/\/www.hali-saha.com\/jsonlar\/wp\/v2\/users\/3"}],"replies":[{"embeddable":true,"href":"https:\/\/www.hali-saha.com\/jsonlar\/wp\/v2\/comments?post=3212"}],"version-history":[{"count":0,"href":"https:\/\/www.hali-saha.com\/jsonlar\/wp\/v2\/posts\/3212\/revisions"}],"wp:featuredmedia":[{"embeddable":true,"href":"https:\/\/www.hali-saha.com\/jsonlar\/wp\/v2\/media\/2742"}],"wp:attachment":[{"href":"https:\/\/www.hali-saha.com\/jsonlar\/wp\/v2\/media?parent=3212"}],"wp:term":[{"taxonomy":"category","embeddable":true,"href":"https:\/\/www.hali-saha.com\/jsonlar\/wp\/v2\/categories?post=3212"},{"taxonomy":"post_tag","embeddable":true,"href":"https:\/\/www.hali-saha.com\/jsonlar\/wp\/v2\/tags?post=3212"}],"curies":[{"name":"wp","href":"https:\/\/api.w.org\/{rel}","templated":true}]}}