{"id":3198,"date":"2020-01-21T13:59:30","date_gmt":"2020-01-21T10:59:30","guid":{"rendered":"https:\/\/www.hali-saha.com\/?p=3198"},"modified":"2020-01-21T13:59:30","modified_gmt":"2020-01-21T10:59:30","slug":"kilis-hali-saha-suni-cim","status":"publish","type":"post","link":"https:\/\/www.hali-saha.com\/kilis-hali-saha-suni-cim\/","title":{"rendered":"Kilis hal\u0131 saha suni \u00e7im"},"content":{"rendered":"<p>Kilis suni \u00e7im, Kilis hal\u0131 saha suni \u00e7im, \u00e7im firmas\u0131, Kilis hal\u0131 saha hal\u0131s\u0131 ustas\u0131, Kilis sentetik \u00e7im hal\u0131, Kilis suni \u00e7im m2 fiyat\u0131, Kilis hal\u0131 fiyat\u0131, Kilis hal\u0131 saha sentetik \u00e7im, Kilis da hal\u0131 saha hal\u0131s\u0131 satan firmalar, Kilis hal\u0131 saha suni \u00e7im fiyatlar\u0131, Kilis ye\u015fil hal\u0131 m2, Kilis kapal\u0131 hal\u0131 saha hal\u0131s\u0131, Kilis a\u00e7\u0131k hal\u0131 saha hal\u0131s\u0131 m2 fiyat\u0131, Kilis anahtar teslimi hal\u0131 saha hal\u0131s\u0131 yapan firmalar, Kilis suni \u00e7im imalat firmalar\u0131, Kilis suni \u00e7im \u00fcretim fabrikas\u0131, Kilis hal\u0131 saha \u00e7im fiyat\u0131, Kilis hal\u0131 saha hal\u0131s\u0131 birim fiyat\u0131, Kilis sentetik \u00e7im fiyatlar\u0131, Kilis hal\u0131 saha sentetik \u00e7im \u00fcretim, Kilis hal\u0131 saha sentetik \u00e7im fiyat\u0131, Kilis suni \u00e7im imalat firmas\u0131, Kilis hal\u0131 saha hal\u0131s\u0131 firmalar\u0131 nerede, Kilis hal\u0131 saha sentetik \u00e7im m2 fiyat\u0131, Kilis hal\u0131 saha hal\u0131s\u0131 m2 fiyat\u0131, Kilis suni \u00e7im sat\u0131\u015f\u0131, Kilis sentetik \u00e7im sat\u0131\u015f\u0131, Kilis sentetik \u00e7im, Kilis suni \u00e7im d\u00f6\u015feme firmalar\u0131,<\/p>\n<h2>Suni \u00e7im Kilis,<\/h2>\n<p>Taksitle hal\u0131 saha suni \u00e7im, Kilis \u00c7ek ile sentetik \u00e7im firmalar\u0131, Kilis hal\u0131 saha suni \u00e7im firmalar\u0131, Kilis hal\u0131 saha hal\u0131s\u0131 \u00fcretim firmalar\u0131, Kilis suni \u00e7im satan firmalar, Kilis suni \u00e7im yap\u0131m\u0131, Kilis kapal\u0131 hal\u0131 saha suni \u00e7im yap\u0131m\u0131, Kilis hal\u0131 saha hal\u0131s\u0131 maliyeti, Kilis hal\u0131 saha hal\u0131s\u0131 m2, Kilis ye\u015fil hal\u0131 firmalar\u0131,<\/p>\n<h3>kapal\u0131 hal\u0131 saha suni \u00e7im ,<br \/>\nA\u00e7\u0131k hal\u0131 saha suni \u00e7im ,<\/h3>\n<p>Sizlere T\u00fcrkiye&#8217;de ve t\u00fcm d\u00fcnyada suni \u00e7im ve sentetik \u00e7im yap\u0131m\u0131, Kilis suni \u00e7im satan firmalar, hal\u0131 saha yap\u0131m telefon 0532 179 45 86, Kilisda hal\u0131 saha suni \u00e7im satan yerler<\/p>\n<h4>sentetik \u00e7im Kilis ,<br \/>\nsuni \u00e7im yap\u0131m Fabrikas\u0131<\/h4>\n","protected":false},"excerpt":{"rendered":"<p>Kilis suni \u00e7im, Kilis hal\u0131 saha suni \u00e7im, \u00e7im firmas\u0131, Kilis hal\u0131 saha hal\u0131s\u0131 ustas\u0131, Kilis sentetik \u00e7im hal\u0131, Kilis [&hellip;]<\/p>\n","protected":false},"author":3,"featured_media":2896,"comment_status":"closed","ping_status":"closed","sticky":false,"template":"","format":"standard","meta":{"_uf_show_specific_survey":0,"_uf_disable_surveys":false,"footnotes":""},"categories":[34213,29103],"tags":[34252,34258,34254,34251,35207,35208,35225,35203,35201,35211,35212,35217,35230,35219,35229,35227,35198,35202,35215,35218,35214,35197,35226,35204,35206,35228,35222,35213,35199,35221,7635,35223,35209,35216,35200,13648,35220,35210,7632,35231,35205,35232,34253,35224,34256,34243],"class_list":["post-3198","post","type-post","status-publish","format-standard","has-post-thumbnail","hentry","category-hali-saha-halisi","category-suni-cim","tag-acik-hali-saha-suni-cim","tag-cim-firmasi","tag-hali-saha-yapim-telefon-0532-179-45-86","tag-kapali-hali-saha-suni-cim","tag-kilis-acik-hali-saha-halisi-m2-fiyati","tag-kilis-anahtar-teslimi-hali-saha-halisi-yapan-firmalar","tag-kilis-cek-ile-sentetik-cim-firmalari","tag-kilis-da-hali-saha-halisi-satan-firmalar","tag-kilis-hali-fiyati","tag-kilis-hali-saha-cim-fiyati","tag-kilis-hali-saha-halisi-birim-fiyati","tag-kilis-hali-saha-halisi-firmalari-nerede","tag-kilis-hali-saha-halisi-m2","tag-kilis-hali-saha-halisi-m2-fiyati","tag-kilis-hali-saha-halisi-maliyeti","tag-kilis-hali-saha-halisi-uretim-firmalari","tag-kilis-hali-saha-halisi-ustasi","tag-kilis-hali-saha-sentetik-cim","tag-kilis-hali-saha-sentetik-cim-fiyati","tag-kilis-hali-saha-sentetik-cim-m2-fiyati","tag-kilis-hali-saha-sentetik-cim-uretim","tag-kilis-hali-saha-suni-cim","tag-kilis-hali-saha-suni-cim-firmalari","tag-kilis-hali-saha-suni-cim-fiyatlari","tag-kilis-kapali-hali-saha-halisi","tag-kilis-kapali-hali-saha-suni-cim-yapimi","tag-kilis-sentetik-cim","tag-kilis-sentetik-cim-fiyatlari","tag-kilis-sentetik-cim-hali","tag-kilis-sentetik-cim-satisi","tag-kilis-suni-cim","tag-kilis-suni-cim-doseme-firmalari","tag-kilis-suni-cim-imalat-firmalari","tag-kilis-suni-cim-imalat-firmasi","tag-kilis-suni-cim-m2-fiyati","tag-kilis-suni-cim-satan-firmalar","tag-kilis-suni-cim-satisi","tag-kilis-suni-cim-uretim-fabrikasi","tag-kilis-suni-cim-yapimi","tag-kilis-yesil-hali-firmalari","tag-kilis-yesil-hali-m2","tag-kilisda-hali-saha-suni-cim-satan-yerler-sentetik-cim-kilis","tag-sizlere-turkiyede-ve-tum-dunyada-suni-cim-ve-sentetik-cim-yapimi","tag-suni-cim-kilis","tag-suni-cim-yapim-fabrikasi","tag-taksitle-hali-saha-suni-cim"],"aioseo_notices":[],"_links":{"self":[{"href":"https:\/\/www.hali-saha.com\/jsonlar\/wp\/v2\/posts\/3198","targetHints":{"allow":["GET"]}}],"collection":[{"href":"https:\/\/www.hali-saha.com\/jsonlar\/wp\/v2\/posts"}],"about":[{"href":"https:\/\/www.hali-saha.com\/jsonlar\/wp\/v2\/types\/post"}],"author":[{"embeddable":true,"href":"https:\/\/www.hali-saha.com\/jsonlar\/wp\/v2\/users\/3"}],"replies":[{"embeddable":true,"href":"https:\/\/www.hali-saha.com\/jsonlar\/wp\/v2\/comments?post=3198"}],"version-history":[{"count":0,"href":"https:\/\/www.hali-saha.com\/jsonlar\/wp\/v2\/posts\/3198\/revisions"}],"wp:featuredmedia":[{"embeddable":true,"href":"https:\/\/www.hali-saha.com\/jsonlar\/wp\/v2\/media\/2896"}],"wp:attachment":[{"href":"https:\/\/www.hali-saha.com\/jsonlar\/wp\/v2\/media?parent=3198"}],"wp:term":[{"taxonomy":"category","embeddable":true,"href":"https:\/\/www.hali-saha.com\/jsonlar\/wp\/v2\/categories?post=3198"},{"taxonomy":"post_tag","embeddable":true,"href":"https:\/\/www.hali-saha.com\/jsonlar\/wp\/v2\/tags?post=3198"}],"curies":[{"name":"wp","href":"https:\/\/api.w.org\/{rel}","templated":true}]}}