{"id":3177,"date":"2020-01-21T13:04:20","date_gmt":"2020-01-21T10:04:20","guid":{"rendered":"https:\/\/www.hali-saha.com\/?p=3177"},"modified":"2020-01-21T13:04:20","modified_gmt":"2020-01-21T10:04:20","slug":"ordu-hali-saha-suni-cim","status":"publish","type":"post","link":"https:\/\/www.hali-saha.com\/ordu-hali-saha-suni-cim\/","title":{"rendered":"Ordu hal\u0131 saha suni \u00e7im"},"content":{"rendered":"<p>Ordu suni \u00e7im, Ordu hal\u0131 saha suni \u00e7im, \u00e7im firmas\u0131, Ordu hal\u0131 saha hal\u0131s\u0131 ustas\u0131, Ordu sentetik \u00e7im hal\u0131, Ordu suni \u00e7im m2 fiyat\u0131, Ordu hal\u0131 fiyat\u0131, Ordu hal\u0131 saha sentetik \u00e7im, Ordu da hal\u0131 saha hal\u0131s\u0131 satan firmalar, Ordu hal\u0131 saha suni \u00e7im fiyatlar\u0131, Ordu ye\u015fil hal\u0131 m2, Ordu kapal\u0131 hal\u0131 saha hal\u0131s\u0131, Ordu a\u00e7\u0131k hal\u0131 saha hal\u0131s\u0131 m2 fiyat\u0131, Ordu anahtar teslimi hal\u0131 saha hal\u0131s\u0131 yapan firmalar, Ordu suni \u00e7im imalat firmalar\u0131, Ordu suni \u00e7im \u00fcretim fabrikas\u0131, Ordu hal\u0131 saha \u00e7im fiyat\u0131, Ordu hal\u0131 saha hal\u0131s\u0131 birim fiyat\u0131, Ordu sentetik \u00e7im fiyatlar\u0131, Ordu hal\u0131 saha sentetik \u00e7im \u00fcretim, Ordu hal\u0131 saha sentetik \u00e7im fiyat\u0131, Ordu suni \u00e7im imalat firmas\u0131, Ordu hal\u0131 saha hal\u0131s\u0131 firmalar\u0131 nerede, Ordu hal\u0131 saha sentetik \u00e7im m2 fiyat\u0131, Ordu hal\u0131 saha hal\u0131s\u0131 m2 fiyat\u0131, Ordu suni \u00e7im sat\u0131\u015f\u0131, Ordu sentetik \u00e7im sat\u0131\u015f\u0131, Ordu sentetik \u00e7im, Ordu suni \u00e7im d\u00f6\u015feme firmalar\u0131,<\/p>\n<h2>Suni \u00e7im Ordu,<\/h2>\n<p>Taksitle hal\u0131 saha suni \u00e7im, Ordu \u00c7ek ile sentetik \u00e7im firmalar\u0131, Ordu hal\u0131 saha suni \u00e7im firmalar\u0131, Ordu hal\u0131 saha hal\u0131s\u0131 \u00fcretim firmalar\u0131, Ordu suni \u00e7im satan firmalar, Ordu suni \u00e7im yap\u0131m\u0131, Ordu kapal\u0131 hal\u0131 saha suni \u00e7im yap\u0131m\u0131, Ordu hal\u0131 saha hal\u0131s\u0131 maliyeti, Ordu hal\u0131 saha hal\u0131s\u0131 m2, Ordu ye\u015fil hal\u0131 firmalar\u0131,<\/p>\n<h3>kapal\u0131 hal\u0131 saha suni \u00e7im ,<br \/>\nA\u00e7\u0131k hal\u0131 saha suni \u00e7im ,<\/h3>\n<p>Sizlere T\u00fcrkiye&#8217;de ve t\u00fcm d\u00fcnyada suni \u00e7im ve sentetik \u00e7im yap\u0131m\u0131, Ordu suni \u00e7im satan firmalar, hal\u0131 saha yap\u0131m telefon 0532 179 45 86, Orduda hal\u0131 saha suni \u00e7im satan yerler<\/p>\n<h4>sentetik \u00e7im Ordu ,<br \/>\nsuni \u00e7im yap\u0131m Fabrikas\u0131<\/h4>\n","protected":false},"excerpt":{"rendered":"<p>Ordu suni \u00e7im, Ordu hal\u0131 saha suni \u00e7im, \u00e7im firmas\u0131, Ordu hal\u0131 saha hal\u0131s\u0131 ustas\u0131, Ordu sentetik \u00e7im hal\u0131, Ordu [&hellip;]<\/p>\n","protected":false},"author":3,"featured_media":2971,"comment_status":"closed","ping_status":"closed","sticky":false,"template":"","format":"standard","meta":{"_uf_show_specific_survey":0,"_uf_disable_surveys":false,"footnotes":""},"categories":[34213,29103],"tags":[34252,34258,34254,34251,34847,34848,34865,34843,34841,34851,34852,34857,34870,34859,34869,34867,34838,34842,34855,34858,34854,34837,34866,34844,34846,34868,34862,34853,34839,34861,7779,34863,34849,34856,34840,13486,34860,34850,7776,34871,34845,34872,34253,34864,34256,34243],"class_list":["post-3177","post","type-post","status-publish","format-standard","has-post-thumbnail","hentry","category-hali-saha-halisi","category-suni-cim","tag-acik-hali-saha-suni-cim","tag-cim-firmasi","tag-hali-saha-yapim-telefon-0532-179-45-86","tag-kapali-hali-saha-suni-cim","tag-ordu-acik-hali-saha-halisi-m2-fiyati","tag-ordu-anahtar-teslimi-hali-saha-halisi-yapan-firmalar","tag-ordu-cek-ile-sentetik-cim-firmalari","tag-ordu-da-hali-saha-halisi-satan-firmalar","tag-ordu-hali-fiyati","tag-ordu-hali-saha-cim-fiyati","tag-ordu-hali-saha-halisi-birim-fiyati","tag-ordu-hali-saha-halisi-firmalari-nerede","tag-ordu-hali-saha-halisi-m2","tag-ordu-hali-saha-halisi-m2-fiyati","tag-ordu-hali-saha-halisi-maliyeti","tag-ordu-hali-saha-halisi-uretim-firmalari","tag-ordu-hali-saha-halisi-ustasi","tag-ordu-hali-saha-sentetik-cim","tag-ordu-hali-saha-sentetik-cim-fiyati","tag-ordu-hali-saha-sentetik-cim-m2-fiyati","tag-ordu-hali-saha-sentetik-cim-uretim","tag-ordu-hali-saha-suni-cim","tag-ordu-hali-saha-suni-cim-firmalari","tag-ordu-hali-saha-suni-cim-fiyatlari","tag-ordu-kapali-hali-saha-halisi","tag-ordu-kapali-hali-saha-suni-cim-yapimi","tag-ordu-sentetik-cim","tag-ordu-sentetik-cim-fiyatlari","tag-ordu-sentetik-cim-hali","tag-ordu-sentetik-cim-satisi","tag-ordu-suni-cim","tag-ordu-suni-cim-doseme-firmalari","tag-ordu-suni-cim-imalat-firmalari","tag-ordu-suni-cim-imalat-firmasi","tag-ordu-suni-cim-m2-fiyati","tag-ordu-suni-cim-satan-firmalar","tag-ordu-suni-cim-satisi","tag-ordu-suni-cim-uretim-fabrikasi","tag-ordu-suni-cim-yapimi","tag-ordu-yesil-hali-firmalari","tag-ordu-yesil-hali-m2","tag-orduda-hali-saha-suni-cim-satan-yerler-sentetik-cim-ordu","tag-sizlere-turkiyede-ve-tum-dunyada-suni-cim-ve-sentetik-cim-yapimi","tag-suni-cim-ordu","tag-suni-cim-yapim-fabrikasi","tag-taksitle-hali-saha-suni-cim"],"aioseo_notices":[],"_links":{"self":[{"href":"https:\/\/www.hali-saha.com\/jsonlar\/wp\/v2\/posts\/3177","targetHints":{"allow":["GET"]}}],"collection":[{"href":"https:\/\/www.hali-saha.com\/jsonlar\/wp\/v2\/posts"}],"about":[{"href":"https:\/\/www.hali-saha.com\/jsonlar\/wp\/v2\/types\/post"}],"author":[{"embeddable":true,"href":"https:\/\/www.hali-saha.com\/jsonlar\/wp\/v2\/users\/3"}],"replies":[{"embeddable":true,"href":"https:\/\/www.hali-saha.com\/jsonlar\/wp\/v2\/comments?post=3177"}],"version-history":[{"count":0,"href":"https:\/\/www.hali-saha.com\/jsonlar\/wp\/v2\/posts\/3177\/revisions"}],"wp:featuredmedia":[{"embeddable":true,"href":"https:\/\/www.hali-saha.com\/jsonlar\/wp\/v2\/media\/2971"}],"wp:attachment":[{"href":"https:\/\/www.hali-saha.com\/jsonlar\/wp\/v2\/media?parent=3177"}],"wp:term":[{"taxonomy":"category","embeddable":true,"href":"https:\/\/www.hali-saha.com\/jsonlar\/wp\/v2\/categories?post=3177"},{"taxonomy":"post_tag","embeddable":true,"href":"https:\/\/www.hali-saha.com\/jsonlar\/wp\/v2\/tags?post=3177"}],"curies":[{"name":"wp","href":"https:\/\/api.w.org\/{rel}","templated":true}]}}